{"id":167,"date":"2023-01-29T18:32:23","date_gmt":"2023-01-29T17:32:23","guid":{"rendered":"https:\/\/razemmozemywiecej.inspires.pl\/?p=167"},"modified":"2023-01-29T18:32:23","modified_gmt":"2023-01-29T17:32:23","slug":"27-stycznia-2023","status":"publish","type":"post","link":"http:\/\/razemmozemywiecej.inspires.pl\/index.php\/2023\/01\/29\/27-stycznia-2023\/","title":{"rendered":"27 stycznia 2023"},"content":{"rendered":"<p>W pierwszej \u00a0po\u0142owie miesi\u0105ca\u00a0 realizowane jest Po\u015brednictwo pracy dla gr I, Szkolenie zawodowe dla gr II, w drugiej po\u0142owie miesi\u0105ca \u00a0b\u0119dzie realizowany Trening kompetencji i umiej\u0119tno\u015bci spo\u0142ecznych \u2013 Ku\u017ania optymizmu dla gr III, rozpocz\u0119cie sta\u017cy zawodowych przez gr I, poradnictwo socjalne dla gr III oraz pierwsze spotkanie z po\u015brednikiem pracy dl. gr II<\/p>\n<p>&nbsp;<\/p>\n<p>Trwa rekrutacja do kolejnych grup.<br \/>\nZapraszamy do udzia\u0142u w projekcie.<\/p>\n","protected":false},"excerpt":{"rendered":"<p>W pierwszej \u00a0po\u0142owie miesi\u0105ca\u00a0 realizowane jest Po\u015brednictwo pracy dla gr I, Szkolenie zawodowe dla gr II, w drugiej po\u0142owie miesi\u0105ca \u00a0b\u0119dzie realizowany Trening kompetencji i umiej\u0119tno\u015bci spo\u0142ecznych \u2013 Ku\u017ania optymizmu dla gr III, rozpocz\u0119cie sta\u017cy zawodowych przez gr I, poradnictwo socjalne dla gr III oraz pierwsze spotkanie z po\u015brednikiem pracy dl. gr II &nbsp; Trwa [&hellip;]<\/p>\n","protected":false},"author":2,"featured_media":0,"comment_status":"open","ping_status":"open","sticky":false,"template":"","format":"standard","meta":{"footnotes":""},"categories":[1],"tags":[],"class_list":["post-167","post","type-post","status-publish","format-standard","hentry","category-bez-kategorii"],"_links":{"self":[{"href":"http:\/\/razemmozemywiecej.inspires.pl\/index.php\/wp-json\/wp\/v2\/posts\/167","targetHints":{"allow":["GET"]}}],"collection":[{"href":"http:\/\/razemmozemywiecej.inspires.pl\/index.php\/wp-json\/wp\/v2\/posts"}],"about":[{"href":"http:\/\/razemmozemywiecej.inspires.pl\/index.php\/wp-json\/wp\/v2\/types\/post"}],"author":[{"embeddable":true,"href":"http:\/\/razemmozemywiecej.inspires.pl\/index.php\/wp-json\/wp\/v2\/users\/2"}],"replies":[{"embeddable":true,"href":"http:\/\/razemmozemywiecej.inspires.pl\/index.php\/wp-json\/wp\/v2\/comments?post=167"}],"version-history":[{"count":1,"href":"http:\/\/razemmozemywiecej.inspires.pl\/index.php\/wp-json\/wp\/v2\/posts\/167\/revisions"}],"predecessor-version":[{"id":168,"href":"http:\/\/razemmozemywiecej.inspires.pl\/index.php\/wp-json\/wp\/v2\/posts\/167\/revisions\/168"}],"wp:attachment":[{"href":"http:\/\/razemmozemywiecej.inspires.pl\/index.php\/wp-json\/wp\/v2\/media?parent=167"}],"wp:term":[{"taxonomy":"category","embeddable":true,"href":"http:\/\/razemmozemywiecej.inspires.pl\/index.php\/wp-json\/wp\/v2\/categories?post=167"},{"taxonomy":"post_tag","embeddable":true,"href":"http:\/\/razemmozemywiecej.inspires.pl\/index.php\/wp-json\/wp\/v2\/tags?post=167"}],"curies":[{"name":"wp","href":"https:\/\/api.w.org\/{rel}","templated":true}]}}