{"id":178,"date":"2023-03-19T17:58:33","date_gmt":"2023-03-19T16:58:33","guid":{"rendered":"https:\/\/razemmozemywiecej.inspires.pl\/?p=178"},"modified":"2023-03-19T17:59:21","modified_gmt":"2023-03-19T16:59:21","slug":"19-marca-2023r","status":"publish","type":"post","link":"http:\/\/razemmozemywiecej.inspires.pl\/index.php\/2023\/03\/19\/19-marca-2023r\/","title":{"rendered":"20 marca 2023r"},"content":{"rendered":"<p>W\u00a0 drugiej po\u0142owie miesi\u0105ca gr III kontynuuje szkolenie zawodowe. Realizacja treningu Kompetencji i umiej\u0119tno\u015bci spo\u0142ecznych oraz poradnictwa psychologicznego do gr IV i V. Realizacja Diagnozy indywidualnych potrzeb i potencja\u0142\u00f3w uczestnik\u00f3w projektu dla gr VI.<\/p>\n<p>Trwa rekrutacja do kolejnych grup.<br \/>\nZapraszamy do udzia\u0142u w projekcie.<\/p>\n","protected":false},"excerpt":{"rendered":"<p>W\u00a0 drugiej po\u0142owie miesi\u0105ca gr III kontynuuje szkolenie zawodowe. Realizacja treningu Kompetencji i umiej\u0119tno\u015bci spo\u0142ecznych oraz poradnictwa psychologicznego do gr IV i V. Realizacja Diagnozy indywidualnych potrzeb i potencja\u0142\u00f3w uczestnik\u00f3w projektu dla gr VI. Trwa rekrutacja do kolejnych grup. Zapraszamy do udzia\u0142u w projekcie.<\/p>\n","protected":false},"author":2,"featured_media":0,"comment_status":"open","ping_status":"open","sticky":false,"template":"","format":"standard","meta":{"footnotes":""},"categories":[1],"tags":[],"class_list":["post-178","post","type-post","status-publish","format-standard","hentry","category-bez-kategorii"],"_links":{"self":[{"href":"http:\/\/razemmozemywiecej.inspires.pl\/index.php\/wp-json\/wp\/v2\/posts\/178","targetHints":{"allow":["GET"]}}],"collection":[{"href":"http:\/\/razemmozemywiecej.inspires.pl\/index.php\/wp-json\/wp\/v2\/posts"}],"about":[{"href":"http:\/\/razemmozemywiecej.inspires.pl\/index.php\/wp-json\/wp\/v2\/types\/post"}],"author":[{"embeddable":true,"href":"http:\/\/razemmozemywiecej.inspires.pl\/index.php\/wp-json\/wp\/v2\/users\/2"}],"replies":[{"embeddable":true,"href":"http:\/\/razemmozemywiecej.inspires.pl\/index.php\/wp-json\/wp\/v2\/comments?post=178"}],"version-history":[{"count":2,"href":"http:\/\/razemmozemywiecej.inspires.pl\/index.php\/wp-json\/wp\/v2\/posts\/178\/revisions"}],"predecessor-version":[{"id":180,"href":"http:\/\/razemmozemywiecej.inspires.pl\/index.php\/wp-json\/wp\/v2\/posts\/178\/revisions\/180"}],"wp:attachment":[{"href":"http:\/\/razemmozemywiecej.inspires.pl\/index.php\/wp-json\/wp\/v2\/media?parent=178"}],"wp:term":[{"taxonomy":"category","embeddable":true,"href":"http:\/\/razemmozemywiecej.inspires.pl\/index.php\/wp-json\/wp\/v2\/categories?post=178"},{"taxonomy":"post_tag","embeddable":true,"href":"http:\/\/razemmozemywiecej.inspires.pl\/index.php\/wp-json\/wp\/v2\/tags?post=178"}],"curies":[{"name":"wp","href":"https:\/\/api.w.org\/{rel}","templated":true}]}}