{"id":199,"date":"2023-05-23T11:52:38","date_gmt":"2023-05-23T09:52:38","guid":{"rendered":"https:\/\/razemmozemywiecej.inspires.pl\/?p=199"},"modified":"2023-05-23T11:52:41","modified_gmt":"2023-05-23T09:52:41","slug":"12-maja-2023r","status":"publish","type":"post","link":"http:\/\/razemmozemywiecej.inspires.pl\/index.php\/2023\/05\/23\/12-maja-2023r\/","title":{"rendered":"12 maja 2023r."},"content":{"rendered":"<p><span style=\"font-size: 12pt;\">Szanowni Pa\u0144stwo,<\/span><\/p>\n<p><span style=\"font-size: 12pt;\">W pierwszej po\u0142owie miesi\u0105ca zacz\u0119\u0142o si\u0119 szkolenie dla gr.VI Pracownik administracyjno- biurowy oraz Diagnoza indywidualnych potrzeb i potencja\u0142\u00f3w uczestnik\u00f3w projektu dla gr VII. W drugiej po\u0142owie miesi\u0105ca odb\u0119dzie si\u0119 trening kompetencji i umiej\u0119tno\u015bci spo\u0142ecznych \u2013 Ku\u017ania optymizmu oraz poradnictwo specjalistyczne \u2013 psychologiczne dla gr. VII\u00a0 , \u00a0poradnictwo specjalistyczne -socjalne dla gr. VII.<\/span><\/p>\n<p>Grupa IV,V kontynuuje sta\u017ce.<\/p>\n<p>Od pocz\u0105tku maja zacz\u0119\u0142a si\u0119 r\u00f3wnie\u017c rekrutacja do kolejnych grup.<\/p>\n<p>&nbsp;<\/p>\n<p><strong>\u00a0<\/strong><\/p>\n<p>&nbsp;<\/p>\n<p>Zapraszamy do udzia\u0142u w projekcie.<\/p>\n","protected":false},"excerpt":{"rendered":"<p>Szanowni Pa\u0144stwo, W pierwszej po\u0142owie miesi\u0105ca zacz\u0119\u0142o si\u0119 szkolenie dla gr.VI Pracownik administracyjno- biurowy oraz Diagnoza indywidualnych potrzeb i potencja\u0142\u00f3w uczestnik\u00f3w projektu dla gr VII. W drugiej po\u0142owie miesi\u0105ca odb\u0119dzie si\u0119 trening kompetencji i umiej\u0119tno\u015bci spo\u0142ecznych \u2013 Ku\u017ania optymizmu oraz poradnictwo specjalistyczne \u2013 psychologiczne dla gr. VII\u00a0 , \u00a0poradnictwo specjalistyczne -socjalne dla gr. VII. Grupa [&hellip;]<\/p>\n","protected":false},"author":2,"featured_media":0,"comment_status":"open","ping_status":"open","sticky":false,"template":"","format":"standard","meta":{"footnotes":""},"categories":[1],"tags":[],"class_list":["post-199","post","type-post","status-publish","format-standard","hentry","category-bez-kategorii"],"_links":{"self":[{"href":"http:\/\/razemmozemywiecej.inspires.pl\/index.php\/wp-json\/wp\/v2\/posts\/199","targetHints":{"allow":["GET"]}}],"collection":[{"href":"http:\/\/razemmozemywiecej.inspires.pl\/index.php\/wp-json\/wp\/v2\/posts"}],"about":[{"href":"http:\/\/razemmozemywiecej.inspires.pl\/index.php\/wp-json\/wp\/v2\/types\/post"}],"author":[{"embeddable":true,"href":"http:\/\/razemmozemywiecej.inspires.pl\/index.php\/wp-json\/wp\/v2\/users\/2"}],"replies":[{"embeddable":true,"href":"http:\/\/razemmozemywiecej.inspires.pl\/index.php\/wp-json\/wp\/v2\/comments?post=199"}],"version-history":[{"count":1,"href":"http:\/\/razemmozemywiecej.inspires.pl\/index.php\/wp-json\/wp\/v2\/posts\/199\/revisions"}],"predecessor-version":[{"id":200,"href":"http:\/\/razemmozemywiecej.inspires.pl\/index.php\/wp-json\/wp\/v2\/posts\/199\/revisions\/200"}],"wp:attachment":[{"href":"http:\/\/razemmozemywiecej.inspires.pl\/index.php\/wp-json\/wp\/v2\/media?parent=199"}],"wp:term":[{"taxonomy":"category","embeddable":true,"href":"http:\/\/razemmozemywiecej.inspires.pl\/index.php\/wp-json\/wp\/v2\/categories?post=199"},{"taxonomy":"post_tag","embeddable":true,"href":"http:\/\/razemmozemywiecej.inspires.pl\/index.php\/wp-json\/wp\/v2\/tags?post=199"}],"curies":[{"name":"wp","href":"https:\/\/api.w.org\/{rel}","templated":true}]}}