{"id":215,"date":"2023-09-28T08:51:33","date_gmt":"2023-09-28T06:51:33","guid":{"rendered":"https:\/\/razemmozemywiecej.inspires.pl\/?p=215"},"modified":"2023-09-28T08:51:37","modified_gmt":"2023-09-28T06:51:37","slug":"wrzesien-2023","status":"publish","type":"post","link":"http:\/\/razemmozemywiecej.inspires.pl\/index.php\/2023\/09\/28\/wrzesien-2023\/","title":{"rendered":"wrzesie\u0144 2023"},"content":{"rendered":"<p>Szanowni Pa\u0144stwo<\/p>\n<p>Informujemy o przebiegu projektu.<\/p>\n<p>Gr. VII 30 wrze\u015bnia\u00a0 ko\u0144czy sta\u017c zawodowy.<\/p>\n<p>Gr. VIII -Specjalista ds. pozyskiwania funduszy unijnych kontynuuje sta\u017c zawodowy<\/p>\n<p>Gr. IX \u2013 Robotnik gospodarczy kontynuuje\u00a0 sta\u017c zawodowy<\/p>\n<p>Gr. X \u2013 Sprzedawca od 1 wrze\u015bnia rozpocz\u0119\u0142a sta\u017c zawodowy<\/p>\n<p>Grupa VIII, IX , X odbywa trzecie spotkania z Po\u015brednictwa pracy<\/p>\n<p><strong>\u00a0Rekrutacja w projekcie dobieg\u0142a do ko\u0144ca. <\/strong><\/p>\n<p><strong>Obecnych uczestnik\u00f3w zach\u0119camy do czynnego uczestnictwa w projekcie !<br \/>\n<\/strong><\/p>\n","protected":false},"excerpt":{"rendered":"<p>Szanowni Pa\u0144stwo Informujemy o przebiegu projektu. Gr. VII 30 wrze\u015bnia\u00a0 ko\u0144czy sta\u017c zawodowy. Gr. VIII -Specjalista ds. pozyskiwania funduszy unijnych kontynuuje sta\u017c zawodowy Gr. IX \u2013 Robotnik gospodarczy kontynuuje\u00a0 sta\u017c zawodowy Gr. X \u2013 Sprzedawca od 1 wrze\u015bnia rozpocz\u0119\u0142a sta\u017c zawodowy Grupa VIII, IX , X odbywa trzecie spotkania z Po\u015brednictwa pracy \u00a0Rekrutacja w projekcie [&hellip;]<\/p>\n","protected":false},"author":2,"featured_media":0,"comment_status":"open","ping_status":"open","sticky":false,"template":"","format":"standard","meta":{"footnotes":""},"categories":[1],"tags":[],"class_list":["post-215","post","type-post","status-publish","format-standard","hentry","category-bez-kategorii"],"_links":{"self":[{"href":"http:\/\/razemmozemywiecej.inspires.pl\/index.php\/wp-json\/wp\/v2\/posts\/215","targetHints":{"allow":["GET"]}}],"collection":[{"href":"http:\/\/razemmozemywiecej.inspires.pl\/index.php\/wp-json\/wp\/v2\/posts"}],"about":[{"href":"http:\/\/razemmozemywiecej.inspires.pl\/index.php\/wp-json\/wp\/v2\/types\/post"}],"author":[{"embeddable":true,"href":"http:\/\/razemmozemywiecej.inspires.pl\/index.php\/wp-json\/wp\/v2\/users\/2"}],"replies":[{"embeddable":true,"href":"http:\/\/razemmozemywiecej.inspires.pl\/index.php\/wp-json\/wp\/v2\/comments?post=215"}],"version-history":[{"count":1,"href":"http:\/\/razemmozemywiecej.inspires.pl\/index.php\/wp-json\/wp\/v2\/posts\/215\/revisions"}],"predecessor-version":[{"id":216,"href":"http:\/\/razemmozemywiecej.inspires.pl\/index.php\/wp-json\/wp\/v2\/posts\/215\/revisions\/216"}],"wp:attachment":[{"href":"http:\/\/razemmozemywiecej.inspires.pl\/index.php\/wp-json\/wp\/v2\/media?parent=215"}],"wp:term":[{"taxonomy":"category","embeddable":true,"href":"http:\/\/razemmozemywiecej.inspires.pl\/index.php\/wp-json\/wp\/v2\/categories?post=215"},{"taxonomy":"post_tag","embeddable":true,"href":"http:\/\/razemmozemywiecej.inspires.pl\/index.php\/wp-json\/wp\/v2\/tags?post=215"}],"curies":[{"name":"wp","href":"https:\/\/api.w.org\/{rel}","templated":true}]}}